{"id":900,"date":"2023-11-17T00:28:45","date_gmt":"2023-11-17T00:28:45","guid":{"rendered":"https:\/\/nprc-swfl.com\/?p=900"},"modified":"2026-04-21T21:40:38","modified_gmt":"2026-04-21T21:40:38","slug":"honoring-the-heart-of-care-national-family-caregiver-month","status":"publish","type":"post","link":"https:\/\/nprc-swfl.com\/es\/honoring-the-heart-of-care-national-family-caregiver-month\/","title":{"rendered":"Honrando la esencia del cuidado: Mes Nacional del Cuidador Familiar"},"content":{"rendered":"<p>Noviembre es m\u00e1s que el comienzo de la temporada navide\u00f1a; es un mes especial dedicado a reconocer y honrar a los h\u00e9roes an\u00f3nimos de nuestras vidas: los cuidadores familiares. El Mes Nacional del Cuidador Familiar es una ocasi\u00f3n para destacar a las personas altruistas que dedican su tiempo, energ\u00eda y amor al cuidado de sus seres queridos.<\/p>\r\n<h3>Celebrando a los h\u00e9roes an\u00f3nimos:<\/h3>\r\n<p>Los cuidadores familiares desempe\u00f1an un papel vital en nuestras comunidades, brindando apoyo a quienes m\u00e1s lo necesitan. Ya sea cuidando a padres ancianos, a un c\u00f3nyuge o a un hijo con necesidades especiales, estos cuidadores encarnan la fortaleza, la compasi\u00f3n y la resiliencia. Sus d\u00edas est\u00e1n llenos de desaf\u00edos, pero perseveran con una dedicaci\u00f3n inquebrantable, a menudo anteponiendo las necesidades de sus seres queridos a las suyas.<\/p>\r\n<h3>Un viaje de sacrificio y amor:<\/h3>\r\n<p><img decoding=\"async\" class=\"wp-image-901 size-medium aligncenter\" src=\"https:\/\/nprc-swfl.com\/wp-content\/uploads\/2023\/11\/November-Memory-Graphics_NPRC-copy-300x158.jpg\" alt=\"\" width=\"300\" height=\"158\" srcset=\"https:\/\/nprc-swfl.com\/wp-content\/uploads\/2023\/11\/November-Memory-Graphics_NPRC-copy-300x158.jpg 300w, https:\/\/nprc-swfl.com\/wp-content\/uploads\/2023\/11\/November-Memory-Graphics_NPRC-copy-1024x538.jpg 1024w, https:\/\/nprc-swfl.com\/wp-content\/uploads\/2023\/11\/November-Memory-Graphics_NPRC-copy-768x403.jpg 768w, https:\/\/nprc-swfl.com\/wp-content\/uploads\/2023\/11\/November-Memory-Graphics_NPRC-copy-1536x806.jpg 1536w, https:\/\/nprc-swfl.com\/wp-content\/uploads\/2023\/11\/November-Memory-Graphics_NPRC-copy-2048x1075.jpg 2048w\" sizes=\"(max-width: 300px) 100vw, 300px\" \/><\/p>\r\n<p>La trayectoria del cuidador est\u00e1 marcada por sacrificios, noches de insomnio y una constante muestra de amor. Es un rol que exige fortaleza emocional y adaptabilidad, ya que los cuidadores lidian con las complejidades de la atenci\u00f3n m\u00e9dica, gestionan las responsabilidades del hogar y brindan la compa\u00f1\u00eda tan crucial a sus seres queridos.<\/p>\r\n<h3>Fomentar la conciencia y la empat\u00eda:<\/h3>\r\n<p>Al comprender los desaf\u00edos que enfrentan los cuidadores familiares, podemos trabajar para crear una sociedad m\u00e1s compasiva e inclusiva. La educaci\u00f3n y la empat\u00eda van de la mano para construir una comunidad que valore y apoye a quienes se dedican al cuidado.<\/p>\r\n<h3>\u00danase a la celebraci\u00f3n:<\/h3>\r\n<p>Este noviembre, unamos nuestras manos para celebrar a los cuidadores que brindan amor y cuidado a sus familias todos los d\u00edas. Comparta sus historias, exprese gratitud y haga saber a quienes cuidan de usted que los apreciamos y valoramos. Juntos, podemos marcar la diferencia en la vida de quienes se entregan tanto por el bienestar de los dem\u00e1s.<\/p>\r\n<p>&nbsp;<\/p>\r\n<p>Gracias, cuidadores, por sus invaluables contribuciones y el profundo impacto que generan en las vidas de quienes conocen.<\/p>\r\n<!-- \/wp:post-content -->\r\n\r\n<!-- wp:paragraph -->\r\n<figure class=\"tmblr-full\" data-orig-height=\"350\" data-orig-width=\"350\"><\/figure>","protected":false},"excerpt":{"rendered":"<p>Noviembre es m\u00e1s que el comienzo de la temporada navide\u00f1a; es un mes especial dedicado a reconocer y honrar a los h\u00e9roes an\u00f3nimos de nuestras vidas: los cuidadores familiares. El Mes Nacional del Cuidador Familiar es una ocasi\u00f3n para destacar a las personas altruistas que dedican su tiempo, energ\u00eda y amor al cuidado de sus... <\/p>\n<p class=\"read-more-container\"><a title=\"Honrando la esencia del cuidado: Mes Nacional del Cuidador Familiar\" class=\"read-more button\" href=\"https:\/\/nprc-swfl.com\/es\/honoring-the-heart-of-care-national-family-caregiver-month\/#more-900\" aria-label=\"Leer m\u00e1s sobre Honrando la esencia del cuidado: Mes Nacional del Cuidador Familiar\">Leer m\u00e1s<\/a><\/p>","protected":false},"author":14,"featured_media":902,"comment_status":"closed","ping_status":"closed","sticky":false,"template":"","format":"standard","meta":{"footnotes":""},"categories":[85,89],"tags":[53,61,54,55,56],"class_list":["post-900","post","type-post","status-publish","format-standard","has-post-thumbnail","hentry","category-alzheimers-research","category-memory-loss","tag-alzheimers","tag-blog","tag-caregiver","tag-memory-loss","tag-memory-screen","generate-columns","tablet-grid-50","mobile-grid-100","grid-parent","grid-50"],"yoast_head":"<!-- This site is optimized with the Yoast SEO plugin v27.4 - https:\/\/yoast.com\/product\/yoast-seo-wordpress\/ -->\n<title>Honoring the Heart of Care: National Family Caregiver Month -<\/title>\n<meta name=\"description\" content=\". National Family Caregiver Month is a time to shine a spotlight on the selfless individuals who dedicate their time, energy, and love to care for their loved ones.\" \/>\n<meta name=\"robots\" content=\"index, follow, max-snippet:-1, max-image-preview:large, max-video-preview:-1\" \/>\n<link rel=\"canonical\" href=\"https:\/\/nprc-swfl.com\/es\/honoring-the-heart-of-care-national-family-caregiver-month\/\" \/>\n<meta property=\"og:locale\" content=\"es_MX\" \/>\n<meta property=\"og:type\" content=\"article\" \/>\n<meta property=\"og:title\" content=\"Honoring the Heart of Care: National Family Caregiver Month -\" \/>\n<meta property=\"og:description\" content=\". National Family Caregiver Month is a time to shine a spotlight on the selfless individuals who dedicate their time, energy, and love to care for their loved ones.\" \/>\n<meta property=\"og:url\" content=\"https:\/\/nprc-swfl.com\/es\/honoring-the-heart-of-care-national-family-caregiver-month\/\" \/>\n<meta property=\"og:site_name\" content=\"Neuropsychiatric Research Center of Southwest Florida\" \/>\n<meta property=\"article:published_time\" content=\"2023-11-17T00:28:45+00:00\" \/>\n<meta property=\"article:modified_time\" content=\"2026-04-21T21:40:38+00:00\" \/>\n<meta property=\"og:image\" content=\"https:\/\/nprc-swfl.com\/wp-content\/uploads\/2023\/11\/November-Memory-Graphics_NPRC-scaled.jpg\" \/>\n\t<meta property=\"og:image:width\" content=\"2560\" \/>\n\t<meta property=\"og:image:height\" content=\"1344\" \/>\n\t<meta property=\"og:image:type\" content=\"image\/jpeg\" \/>\n<meta name=\"author\" content=\"Jade Williams\" \/>\n<meta name=\"twitter:card\" content=\"summary_large_image\" \/>\n<meta name=\"twitter:label1\" content=\"Escrito por\" \/>\n\t<meta name=\"twitter:data1\" content=\"Jade Williams\" \/>\n\t<meta name=\"twitter:label2\" content=\"Tiempo de lectura\" \/>\n\t<meta name=\"twitter:data2\" content=\"2 minutos\" \/>\n<script type=\"application\/ld+json\" class=\"yoast-schema-graph\">{\"@context\":\"https:\\\/\\\/schema.org\",\"@graph\":[{\"@type\":\"Article\",\"@id\":\"https:\\\/\\\/nprc-swfl.com\\\/honoring-the-heart-of-care-national-family-caregiver-month\\\/#article\",\"isPartOf\":{\"@id\":\"https:\\\/\\\/nprc-swfl.com\\\/honoring-the-heart-of-care-national-family-caregiver-month\\\/\"},\"author\":{\"name\":\"Jade Williams\",\"@id\":\"https:\\\/\\\/nprc-swfl.com\\\/#\\\/schema\\\/person\\\/17ec3f1e989776fcf4e102169eb98ce4\"},\"headline\":\"Honoring the Heart of Care: National Family Caregiver Month\",\"datePublished\":\"2023-11-17T00:28:45+00:00\",\"dateModified\":\"2026-04-21T21:40:38+00:00\",\"mainEntityOfPage\":{\"@id\":\"https:\\\/\\\/nprc-swfl.com\\\/honoring-the-heart-of-care-national-family-caregiver-month\\\/\"},\"wordCount\":313,\"publisher\":{\"@id\":\"https:\\\/\\\/nprc-swfl.com\\\/#organization\"},\"image\":{\"@id\":\"https:\\\/\\\/nprc-swfl.com\\\/honoring-the-heart-of-care-national-family-caregiver-month\\\/#primaryimage\"},\"thumbnailUrl\":\"https:\\\/\\\/nprc-swfl.com\\\/wp-content\\\/uploads\\\/2023\\\/11\\\/November-Memory-Graphics_NPRC-scaled.jpg\",\"keywords\":[\"alzheimer's\",\"Blog\",\"caregiver\",\"memory loss\",\"memory screen\"],\"articleSection\":[\"Alzheimer's Research\",\"Memory Loss\"],\"inLanguage\":\"es\"},{\"@type\":\"WebPage\",\"@id\":\"https:\\\/\\\/nprc-swfl.com\\\/honoring-the-heart-of-care-national-family-caregiver-month\\\/\",\"url\":\"https:\\\/\\\/nprc-swfl.com\\\/honoring-the-heart-of-care-national-family-caregiver-month\\\/\",\"name\":\"Honoring the Heart of Care: National Family Caregiver Month -\",\"isPartOf\":{\"@id\":\"https:\\\/\\\/nprc-swfl.com\\\/#website\"},\"primaryImageOfPage\":{\"@id\":\"https:\\\/\\\/nprc-swfl.com\\\/honoring-the-heart-of-care-national-family-caregiver-month\\\/#primaryimage\"},\"image\":{\"@id\":\"https:\\\/\\\/nprc-swfl.com\\\/honoring-the-heart-of-care-national-family-caregiver-month\\\/#primaryimage\"},\"thumbnailUrl\":\"https:\\\/\\\/nprc-swfl.com\\\/wp-content\\\/uploads\\\/2023\\\/11\\\/November-Memory-Graphics_NPRC-scaled.jpg\",\"datePublished\":\"2023-11-17T00:28:45+00:00\",\"dateModified\":\"2026-04-21T21:40:38+00:00\",\"description\":\". National Family Caregiver Month is a time to shine a spotlight on the selfless individuals who dedicate their time, energy, and love to care for their loved ones.\",\"breadcrumb\":{\"@id\":\"https:\\\/\\\/nprc-swfl.com\\\/honoring-the-heart-of-care-national-family-caregiver-month\\\/#breadcrumb\"},\"inLanguage\":\"es\",\"potentialAction\":[{\"@type\":\"ReadAction\",\"target\":[\"https:\\\/\\\/nprc-swfl.com\\\/honoring-the-heart-of-care-national-family-caregiver-month\\\/\"]}]},{\"@type\":\"ImageObject\",\"inLanguage\":\"es\",\"@id\":\"https:\\\/\\\/nprc-swfl.com\\\/honoring-the-heart-of-care-national-family-caregiver-month\\\/#primaryimage\",\"url\":\"https:\\\/\\\/nprc-swfl.com\\\/wp-content\\\/uploads\\\/2023\\\/11\\\/November-Memory-Graphics_NPRC-scaled.jpg\",\"contentUrl\":\"https:\\\/\\\/nprc-swfl.com\\\/wp-content\\\/uploads\\\/2023\\\/11\\\/November-Memory-Graphics_NPRC-scaled.jpg\",\"width\":2560,\"height\":1344},{\"@type\":\"BreadcrumbList\",\"@id\":\"https:\\\/\\\/nprc-swfl.com\\\/honoring-the-heart-of-care-national-family-caregiver-month\\\/#breadcrumb\",\"itemListElement\":[{\"@type\":\"ListItem\",\"position\":1,\"name\":\"Home\",\"item\":\"https:\\\/\\\/nprc-swfl.com\\\/\"},{\"@type\":\"ListItem\",\"position\":2,\"name\":\"Honoring the Heart of Care: National Family Caregiver Month\"}]},{\"@type\":\"WebSite\",\"@id\":\"https:\\\/\\\/nprc-swfl.com\\\/#website\",\"url\":\"https:\\\/\\\/nprc-swfl.com\\\/\",\"name\":\"Neuropsychiatric Research Center of Southwest Florida\",\"description\":\"Alzheimer\u2019s Clinical research in Fort Myers, FL\",\"publisher\":{\"@id\":\"https:\\\/\\\/nprc-swfl.com\\\/#organization\"},\"potentialAction\":[{\"@type\":\"SearchAction\",\"target\":{\"@type\":\"EntryPoint\",\"urlTemplate\":\"https:\\\/\\\/nprc-swfl.com\\\/?s={search_term_string}\"},\"query-input\":{\"@type\":\"PropertyValueSpecification\",\"valueRequired\":true,\"valueName\":\"search_term_string\"}}],\"inLanguage\":\"es\"},{\"@type\":\"Organization\",\"@id\":\"https:\\\/\\\/nprc-swfl.com\\\/#organization\",\"name\":\"Neuropsychiatric Research Center of Southwest Florida\",\"url\":\"https:\\\/\\\/nprc-swfl.com\\\/\",\"logo\":{\"@type\":\"ImageObject\",\"inLanguage\":\"es\",\"@id\":\"https:\\\/\\\/nprc-swfl.com\\\/#\\\/schema\\\/logo\\\/image\\\/\",\"url\":\"https:\\\/\\\/nprc-swfl.com\\\/wp-content\\\/uploads\\\/2020\\\/11\\\/NPRC-LOGO.webp\",\"contentUrl\":\"https:\\\/\\\/nprc-swfl.com\\\/wp-content\\\/uploads\\\/2020\\\/11\\\/NPRC-LOGO.webp\",\"width\":709,\"height\":241,\"caption\":\"Neuropsychiatric Research Center of Southwest Florida\"},\"image\":{\"@id\":\"https:\\\/\\\/nprc-swfl.com\\\/#\\\/schema\\\/logo\\\/image\\\/\"}},{\"@type\":\"Person\",\"@id\":\"https:\\\/\\\/nprc-swfl.com\\\/#\\\/schema\\\/person\\\/17ec3f1e989776fcf4e102169eb98ce4\",\"name\":\"Jade Williams\",\"image\":{\"@type\":\"ImageObject\",\"inLanguage\":\"es\",\"@id\":\"https:\\\/\\\/secure.gravatar.com\\\/avatar\\\/aa6c7c555b4223ed2aa33cfb1b967286f018ca85447178935edc9440e12d4360?s=96&d=mm&r=g\",\"url\":\"https:\\\/\\\/secure.gravatar.com\\\/avatar\\\/aa6c7c555b4223ed2aa33cfb1b967286f018ca85447178935edc9440e12d4360?s=96&d=mm&r=g\",\"contentUrl\":\"https:\\\/\\\/secure.gravatar.com\\\/avatar\\\/aa6c7c555b4223ed2aa33cfb1b967286f018ca85447178935edc9440e12d4360?s=96&d=mm&r=g\",\"caption\":\"Jade Williams\"},\"url\":\"https:\\\/\\\/nprc-swfl.com\\\/es\\\/author\\\/jadewilliams\\\/\"}]}<\/script>\n<!-- \/ Yoast SEO plugin. -->","yoast_head_json":{"title":"Honrando la esencia del cuidado: Mes Nacional del Cuidador Familiar -","description":"El Mes Nacional del Cuidado Familiar es un momento para destacar a las personas desinteresadas que dedican su tiempo, energ\u00eda y amor a cuidar de sus seres queridos.","robots":{"index":"index","follow":"follow","max-snippet":"max-snippet:-1","max-image-preview":"max-image-preview:large","max-video-preview":"max-video-preview:-1"},"canonical":"https:\/\/nprc-swfl.com\/es\/honoring-the-heart-of-care-national-family-caregiver-month\/","og_locale":"es_MX","og_type":"article","og_title":"Honoring the Heart of Care: National Family Caregiver Month -","og_description":". National Family Caregiver Month is a time to shine a spotlight on the selfless individuals who dedicate their time, energy, and love to care for their loved ones.","og_url":"https:\/\/nprc-swfl.com\/es\/honoring-the-heart-of-care-national-family-caregiver-month\/","og_site_name":"Neuropsychiatric Research Center of Southwest Florida","article_published_time":"2023-11-17T00:28:45+00:00","article_modified_time":"2026-04-21T21:40:38+00:00","og_image":[{"width":2560,"height":1344,"url":"https:\/\/nprc-swfl.com\/wp-content\/uploads\/2023\/11\/November-Memory-Graphics_NPRC-scaled.jpg","type":"image\/jpeg"}],"author":"Jade Williams","twitter_card":"summary_large_image","twitter_misc":{"Escrito por":"Jade Williams","Tiempo de lectura":"2 minutos"},"schema":{"@context":"https:\/\/schema.org","@graph":[{"@type":"Article","@id":"https:\/\/nprc-swfl.com\/honoring-the-heart-of-care-national-family-caregiver-month\/#article","isPartOf":{"@id":"https:\/\/nprc-swfl.com\/honoring-the-heart-of-care-national-family-caregiver-month\/"},"author":{"name":"Jade Williams","@id":"https:\/\/nprc-swfl.com\/#\/schema\/person\/17ec3f1e989776fcf4e102169eb98ce4"},"headline":"Honoring the Heart of Care: National Family Caregiver Month","datePublished":"2023-11-17T00:28:45+00:00","dateModified":"2026-04-21T21:40:38+00:00","mainEntityOfPage":{"@id":"https:\/\/nprc-swfl.com\/honoring-the-heart-of-care-national-family-caregiver-month\/"},"wordCount":313,"publisher":{"@id":"https:\/\/nprc-swfl.com\/#organization"},"image":{"@id":"https:\/\/nprc-swfl.com\/honoring-the-heart-of-care-national-family-caregiver-month\/#primaryimage"},"thumbnailUrl":"https:\/\/nprc-swfl.com\/wp-content\/uploads\/2023\/11\/November-Memory-Graphics_NPRC-scaled.jpg","keywords":["alzheimer's","Blog","caregiver","memory loss","memory screen"],"articleSection":["Alzheimer's Research","Memory Loss"],"inLanguage":"es"},{"@type":"WebPage","@id":"https:\/\/nprc-swfl.com\/honoring-the-heart-of-care-national-family-caregiver-month\/","url":"https:\/\/nprc-swfl.com\/honoring-the-heart-of-care-national-family-caregiver-month\/","name":"Honrando la esencia del cuidado: Mes Nacional del Cuidador Familiar -","isPartOf":{"@id":"https:\/\/nprc-swfl.com\/#website"},"primaryImageOfPage":{"@id":"https:\/\/nprc-swfl.com\/honoring-the-heart-of-care-national-family-caregiver-month\/#primaryimage"},"image":{"@id":"https:\/\/nprc-swfl.com\/honoring-the-heart-of-care-national-family-caregiver-month\/#primaryimage"},"thumbnailUrl":"https:\/\/nprc-swfl.com\/wp-content\/uploads\/2023\/11\/November-Memory-Graphics_NPRC-scaled.jpg","datePublished":"2023-11-17T00:28:45+00:00","dateModified":"2026-04-21T21:40:38+00:00","description":"El Mes Nacional del Cuidado Familiar es un momento para destacar a las personas desinteresadas que dedican su tiempo, energ\u00eda y amor a cuidar de sus seres queridos.","breadcrumb":{"@id":"https:\/\/nprc-swfl.com\/honoring-the-heart-of-care-national-family-caregiver-month\/#breadcrumb"},"inLanguage":"es","potentialAction":[{"@type":"ReadAction","target":["https:\/\/nprc-swfl.com\/honoring-the-heart-of-care-national-family-caregiver-month\/"]}]},{"@type":"ImageObject","inLanguage":"es","@id":"https:\/\/nprc-swfl.com\/honoring-the-heart-of-care-national-family-caregiver-month\/#primaryimage","url":"https:\/\/nprc-swfl.com\/wp-content\/uploads\/2023\/11\/November-Memory-Graphics_NPRC-scaled.jpg","contentUrl":"https:\/\/nprc-swfl.com\/wp-content\/uploads\/2023\/11\/November-Memory-Graphics_NPRC-scaled.jpg","width":2560,"height":1344},{"@type":"BreadcrumbList","@id":"https:\/\/nprc-swfl.com\/honoring-the-heart-of-care-national-family-caregiver-month\/#breadcrumb","itemListElement":[{"@type":"ListItem","position":1,"name":"Home","item":"https:\/\/nprc-swfl.com\/"},{"@type":"ListItem","position":2,"name":"Honoring the Heart of Care: National Family Caregiver Month"}]},{"@type":"WebSite","@id":"https:\/\/nprc-swfl.com\/#website","url":"https:\/\/nprc-swfl.com\/","name":"Centro de Investigaci\u00f3n Neuropsiqui\u00e1trica del Suroeste de Florida","description":"Investigaci\u00f3n cl\u00ednica sobre el Alzheimer en Fort Myers, Florida","publisher":{"@id":"https:\/\/nprc-swfl.com\/#organization"},"potentialAction":[{"@type":"SearchAction","target":{"@type":"EntryPoint","urlTemplate":"https:\/\/nprc-swfl.com\/?s={search_term_string}"},"query-input":{"@type":"PropertyValueSpecification","valueRequired":true,"valueName":"search_term_string"}}],"inLanguage":"es"},{"@type":"Organization","@id":"https:\/\/nprc-swfl.com\/#organization","name":"Centro de Investigaci\u00f3n Neuropsiqui\u00e1trica del Suroeste de Florida","url":"https:\/\/nprc-swfl.com\/","logo":{"@type":"ImageObject","inLanguage":"es","@id":"https:\/\/nprc-swfl.com\/#\/schema\/logo\/image\/","url":"https:\/\/nprc-swfl.com\/wp-content\/uploads\/2020\/11\/NPRC-LOGO.webp","contentUrl":"https:\/\/nprc-swfl.com\/wp-content\/uploads\/2020\/11\/NPRC-LOGO.webp","width":709,"height":241,"caption":"Neuropsychiatric Research Center of Southwest Florida"},"image":{"@id":"https:\/\/nprc-swfl.com\/#\/schema\/logo\/image\/"}},{"@type":"Person","@id":"https:\/\/nprc-swfl.com\/#\/schema\/person\/17ec3f1e989776fcf4e102169eb98ce4","name":"Jade Williams","image":{"@type":"ImageObject","inLanguage":"es","@id":"https:\/\/secure.gravatar.com\/avatar\/aa6c7c555b4223ed2aa33cfb1b967286f018ca85447178935edc9440e12d4360?s=96&d=mm&r=g","url":"https:\/\/secure.gravatar.com\/avatar\/aa6c7c555b4223ed2aa33cfb1b967286f018ca85447178935edc9440e12d4360?s=96&d=mm&r=g","contentUrl":"https:\/\/secure.gravatar.com\/avatar\/aa6c7c555b4223ed2aa33cfb1b967286f018ca85447178935edc9440e12d4360?s=96&d=mm&r=g","caption":"Jade Williams"},"url":"https:\/\/nprc-swfl.com\/es\/author\/jadewilliams\/"}]}},"_links":{"self":[{"href":"https:\/\/nprc-swfl.com\/es\/wp-json\/wp\/v2\/posts\/900","targetHints":{"allow":["GET"]}}],"collection":[{"href":"https:\/\/nprc-swfl.com\/es\/wp-json\/wp\/v2\/posts"}],"about":[{"href":"https:\/\/nprc-swfl.com\/es\/wp-json\/wp\/v2\/types\/post"}],"author":[{"embeddable":true,"href":"https:\/\/nprc-swfl.com\/es\/wp-json\/wp\/v2\/users\/14"}],"replies":[{"embeddable":true,"href":"https:\/\/nprc-swfl.com\/es\/wp-json\/wp\/v2\/comments?post=900"}],"version-history":[{"count":0,"href":"https:\/\/nprc-swfl.com\/es\/wp-json\/wp\/v2\/posts\/900\/revisions"}],"wp:featuredmedia":[{"embeddable":true,"href":"https:\/\/nprc-swfl.com\/es\/wp-json\/wp\/v2\/media\/902"}],"wp:attachment":[{"href":"https:\/\/nprc-swfl.com\/es\/wp-json\/wp\/v2\/media?parent=900"}],"wp:term":[{"taxonomy":"category","embeddable":true,"href":"https:\/\/nprc-swfl.com\/es\/wp-json\/wp\/v2\/categories?post=900"},{"taxonomy":"post_tag","embeddable":true,"href":"https:\/\/nprc-swfl.com\/es\/wp-json\/wp\/v2\/tags?post=900"}],"curies":[{"name":"gracias","href":"https:\/\/api.w.org\/{rel}","templated":true}]}}