{"id":589,"date":"2020-06-17T17:46:05","date_gmt":"2020-06-17T17:46:05","guid":{"rendered":"https:\/\/nprc-swfl.com\/alzheimers-and-brain-awareness-month\/"},"modified":"2026-04-21T21:40:39","modified_gmt":"2026-04-21T21:40:39","slug":"alzheimers-and-brain-awareness-month","status":"publish","type":"post","link":"https:\/\/nprc-swfl.com\/es\/alzheimers-and-brain-awareness-month\/","title":{"rendered":"Mes de concientizaci\u00f3n sobre el Alzheimer y el cerebro"},"content":{"rendered":"<p>Aproximadamente 50 millones de personas en todo el mundo padecen la enfermedad de Alzheimer (EA) u otras formas de demencia. Junio es el Mes de la Concientizaci\u00f3n sobre el Alzheimer y el Cerebro. La Asociaci\u00f3n del Alzheimer afirma que si tienes cerebro, corres el riesgo de desarrollar EA. Este es el momento perfecto para crear conciencia sobre esta crisis de salud p\u00fablica. El Centro de Investigaci\u00f3n Neuropsiqui\u00e1trica (NPRC) est\u00e1 impulsando avances en la atenci\u00f3n m\u00e9dica para quienes padecen estas afecciones. El NPRC ha realizado m\u00e1s de 100 ensayos cl\u00ednicos dedicados a la demencia. La investigaci\u00f3n cl\u00ednica es una de las muchas maneras en que todos podemos ayudar a erradicar la EA.<\/p>\n<h2><b>Mes de concientizaci\u00f3n sobre el Alzheimer y el cerebro<\/b><\/h2>\n<p>El prop\u00f3sito de\u00a0<a href=\"http:\/\/act.alz.org\/site\/R?i=Ejn548EnP7ANB5NGg8uKeQ\">Mes de concientizaci\u00f3n sobre el Alzheimer y el cerebro<\/a>\u00a0Su objetivo es crear conciencia a nivel mundial sobre el cerebro, el Alzheimer y otras demencias. Junio tambi\u00e9n conmemora a quienes viven con Alzheimer y a sus cuidadores, quienes son vitales para su cuidado. El 20 de junio es el solsticio de verano, y la recaudaci\u00f3n de fondos del D\u00eda M\u00e1s Largo se lleva a cabo el mismo d\u00eda.<br \/>\nEse d\u00eda, recaudando dinero para encontrar una cura para la EA.<\/p>\n<p>Ya sea que conozcas a alguien con TDA o no, todos podemos marcar la diferencia y ayudar a difundir la concienciaci\u00f3n. Te animamos a participar este mes. Cualquiera de los <a href=\"https:\/\/www.alz.org\/abam\/overview.asp#takeActionBox\">actividades\u00a0<\/a>Se puede modificar para cumplir con los requisitos locales de distanciamiento social.<\/p>\n<h2><b>El papel del NPRC en la enfermedad de Alzheimer y la salud cerebral<\/b><\/h2>\n<p>La intervenci\u00f3n temprana de la EA y otras formas de p\u00e9rdida de memoria relacionadas con la demencia es un componente esencial en el tratamiento de estas enfermedades. La misi\u00f3n de nuestro equipo en el NPRC es encontrar tratamientos eficaces para estas afecciones mediante la aplicaci\u00f3n de los mejores avances en estudios de investigaci\u00f3n cl\u00ednica.<\/p>\n<figure class=\"tmblr-full\" data-orig-height=\"1080\" data-orig-width=\"1080\"><img fetchpriority=\"high\" decoding=\"async\" class=\"aligncenter\" src=\"https:\/\/64.media.tumblr.com\/15ced1087658994f17ca7f8385ac1e2c\/aa50cfc91e048864-e9\/s540x810\/1cdb7a05cfa67ec547f5b6ad0b1804737cd8e37e.png\" alt=\"My mother was in a clinical trial for Alzheimer's and they were amazing people to deal with\" width=\"382\" height=\"382\" data-orig-height=\"1080\" data-orig-width=\"1080\" \/><\/figure>\n<p>El NPRC garantiza que todos los estudios de investigaci\u00f3n realizados en nuestras instalaciones utilicen los diagn\u00f3sticos y tratamientos m\u00e1s recientes disponibles. No realizamos estudios que requieran que los participantes suspendan sus medicamentos actuales. Para obtener m\u00e1s informaci\u00f3n sobre los pr\u00f3ximos estudios que buscan nuevas opciones para la EA, llame al (239) 939-7777 o vis\u00edtenos.\u00a0<a href=\"https:\/\/www.joinaresearchstudy.com\/our-research-facilities\/neuropsychiatric-research-center-of-southwest-florida\/studies\/\">aqu\u00ed<\/a>.<\/p>\n<p><b>Referencias<\/b>:<\/p>\n<p><a href=\"https:\/\/www.alz.org\/abam\/overview.asp\">https:\/\/www.alz.org\/abam\/overview.asp<\/a><\/p>\n<p><a href=\"https:\/\/www.seniorlifestyle.com\/resources\/blog\/alzheimers-brain-awareness-month\/\">https:\/\/www.seniorlifestyle.com\/resources\/blog\/alzheimers-brain-awareness-month\/<\/a><\/p>\n<p><a href=\"http:\/\/act.alz.org\/site\/MessageViewer?em_id=156121.0\">http:\/\/act.alz.org\/site\/MessageViewer?em_id=156121.0<\/a><\/p>","protected":false},"excerpt":{"rendered":"<p>Aproximadamente 50 millones de personas en todo el mundo padecen la enfermedad de Alzheimer (EA) u otras formas de demencia. Junio es el Mes de la Concientizaci\u00f3n sobre el Alzheimer y el Cerebro. La Asociaci\u00f3n del Alzheimer afirma que si tienes cerebro, corres el riesgo de desarrollar EA. Este es el momento perfecto para crear conciencia sobre esta crisis de salud p\u00fablica. La Asociaci\u00f3n Neuropsiqui\u00e1trica\u2026 <\/p>\n<p class=\"read-more-container\"><a title=\"Mes de concientizaci\u00f3n sobre el Alzheimer y el cerebro\" class=\"read-more button\" href=\"https:\/\/nprc-swfl.com\/es\/alzheimers-and-brain-awareness-month\/#more-589\" aria-label=\"Leer m\u00e1s sobre Mes de la Concientizaci\u00f3n sobre el Alzheimer y el Cerebro\">Leer m\u00e1s<\/a><\/p>","protected":false},"author":1,"featured_media":716,"comment_status":"closed","ping_status":"open","sticky":false,"template":"","format":"standard","meta":{"footnotes":""},"categories":[90,9],"tags":[72,61,73,58,51],"class_list":["post-589","post","type-post","status-publish","format-standard","has-post-thumbnail","hentry","category-alzheimers-and-brain-awareness-month","category-clinical-research","tag-alzhiemers","tag-blog","tag-brainhealth","tag-dementia","tag-memoryloss","generate-columns","tablet-grid-50","mobile-grid-100","grid-parent","grid-50"],"yoast_head":"<!-- This site is optimized with the Yoast SEO plugin v27.4 - https:\/\/yoast.com\/product\/yoast-seo-wordpress\/ -->\n<title>Alzheimer&#039;s and Brain Awareness Month -<\/title>\n<meta name=\"description\" content=\"June is Alzheimer\u2019s and Brain Awareness Month. The Alzheimer\u2019s Association says that if you have a brain, you are at risk for developing AD.\" \/>\n<meta name=\"robots\" content=\"index, follow, max-snippet:-1, max-image-preview:large, max-video-preview:-1\" \/>\n<link rel=\"canonical\" href=\"https:\/\/nprc-swfl.com\/es\/alzheimers-and-brain-awareness-month\/\" \/>\n<meta property=\"og:locale\" content=\"es_MX\" \/>\n<meta property=\"og:type\" content=\"article\" \/>\n<meta property=\"og:title\" content=\"Alzheimer&#039;s and Brain Awareness Month -\" \/>\n<meta property=\"og:description\" content=\"June is Alzheimer\u2019s and Brain Awareness Month. The Alzheimer\u2019s Association says that if you have a brain, you are at risk for developing AD.\" \/>\n<meta property=\"og:url\" content=\"https:\/\/nprc-swfl.com\/es\/alzheimers-and-brain-awareness-month\/\" \/>\n<meta property=\"og:site_name\" content=\"Neuropsychiatric Research Center of Southwest Florida\" \/>\n<meta property=\"article:published_time\" content=\"2020-06-17T17:46:05+00:00\" \/>\n<meta property=\"article:modified_time\" content=\"2026-04-21T21:40:39+00:00\" \/>\n<meta property=\"og:image\" content=\"https:\/\/nprc-swfl.com\/wp-content\/uploads\/2020\/06\/NPRC_Facebook_Blog-AlzheimersandBrainAwarenessMonth_15JUN2020_PM-1.png\" \/>\n\t<meta property=\"og:image:width\" content=\"1200\" \/>\n\t<meta property=\"og:image:height\" content=\"630\" \/>\n\t<meta property=\"og:image:type\" content=\"image\/png\" \/>\n<meta name=\"author\" content=\"Ryan Speer\" \/>\n<meta name=\"twitter:card\" content=\"summary_large_image\" \/>\n<meta name=\"twitter:label1\" content=\"Escrito por\" \/>\n\t<meta name=\"twitter:data1\" content=\"Ryan Speer\" \/>\n\t<meta name=\"twitter:label2\" content=\"Tiempo de lectura\" \/>\n\t<meta name=\"twitter:data2\" content=\"2 minutos\" \/>\n<script type=\"application\/ld+json\" class=\"yoast-schema-graph\">{\"@context\":\"https:\\\/\\\/schema.org\",\"@graph\":[{\"@type\":\"Article\",\"@id\":\"https:\\\/\\\/nprc-swfl.com\\\/alzheimers-and-brain-awareness-month\\\/#article\",\"isPartOf\":{\"@id\":\"https:\\\/\\\/nprc-swfl.com\\\/alzheimers-and-brain-awareness-month\\\/\"},\"author\":{\"name\":\"Ryan Speer\",\"@id\":\"https:\\\/\\\/nprc-swfl.com\\\/#\\\/schema\\\/person\\\/8bce1b58752d60d24ab5df35fd3c3364\"},\"headline\":\"Alzheimer&#8217;s and Brain Awareness Month\",\"datePublished\":\"2020-06-17T17:46:05+00:00\",\"dateModified\":\"2026-04-21T21:40:39+00:00\",\"mainEntityOfPage\":{\"@id\":\"https:\\\/\\\/nprc-swfl.com\\\/alzheimers-and-brain-awareness-month\\\/\"},\"wordCount\":338,\"publisher\":{\"@id\":\"https:\\\/\\\/nprc-swfl.com\\\/#organization\"},\"image\":{\"@id\":\"https:\\\/\\\/nprc-swfl.com\\\/alzheimers-and-brain-awareness-month\\\/#primaryimage\"},\"thumbnailUrl\":\"https:\\\/\\\/nprc-swfl.com\\\/wp-content\\\/uploads\\\/2020\\\/06\\\/NPRC_Facebook_Blog-AlzheimersandBrainAwarenessMonth_15JUN2020_PM-1.png\",\"keywords\":[\"alzhiemers\",\"Blog\",\"brainhealth\",\"dementia\",\"memoryloss\"],\"articleSection\":[\"Alzheimer's and Brain Awareness Month\",\"Clinical Research\"],\"inLanguage\":\"es\"},{\"@type\":\"WebPage\",\"@id\":\"https:\\\/\\\/nprc-swfl.com\\\/alzheimers-and-brain-awareness-month\\\/\",\"url\":\"https:\\\/\\\/nprc-swfl.com\\\/alzheimers-and-brain-awareness-month\\\/\",\"name\":\"Alzheimer's and Brain Awareness Month -\",\"isPartOf\":{\"@id\":\"https:\\\/\\\/nprc-swfl.com\\\/#website\"},\"primaryImageOfPage\":{\"@id\":\"https:\\\/\\\/nprc-swfl.com\\\/alzheimers-and-brain-awareness-month\\\/#primaryimage\"},\"image\":{\"@id\":\"https:\\\/\\\/nprc-swfl.com\\\/alzheimers-and-brain-awareness-month\\\/#primaryimage\"},\"thumbnailUrl\":\"https:\\\/\\\/nprc-swfl.com\\\/wp-content\\\/uploads\\\/2020\\\/06\\\/NPRC_Facebook_Blog-AlzheimersandBrainAwarenessMonth_15JUN2020_PM-1.png\",\"datePublished\":\"2020-06-17T17:46:05+00:00\",\"dateModified\":\"2026-04-21T21:40:39+00:00\",\"description\":\"June is Alzheimer\u2019s and Brain Awareness Month. The Alzheimer\u2019s Association says that if you have a brain, you are at risk for developing AD.\",\"breadcrumb\":{\"@id\":\"https:\\\/\\\/nprc-swfl.com\\\/alzheimers-and-brain-awareness-month\\\/#breadcrumb\"},\"inLanguage\":\"es\",\"potentialAction\":[{\"@type\":\"ReadAction\",\"target\":[\"https:\\\/\\\/nprc-swfl.com\\\/alzheimers-and-brain-awareness-month\\\/\"]}]},{\"@type\":\"ImageObject\",\"inLanguage\":\"es\",\"@id\":\"https:\\\/\\\/nprc-swfl.com\\\/alzheimers-and-brain-awareness-month\\\/#primaryimage\",\"url\":\"https:\\\/\\\/nprc-swfl.com\\\/wp-content\\\/uploads\\\/2020\\\/06\\\/NPRC_Facebook_Blog-AlzheimersandBrainAwarenessMonth_15JUN2020_PM-1.png\",\"contentUrl\":\"https:\\\/\\\/nprc-swfl.com\\\/wp-content\\\/uploads\\\/2020\\\/06\\\/NPRC_Facebook_Blog-AlzheimersandBrainAwarenessMonth_15JUN2020_PM-1.png\",\"width\":1200,\"height\":630,\"caption\":\"Alzheimer's and Brain Awareness Month\"},{\"@type\":\"BreadcrumbList\",\"@id\":\"https:\\\/\\\/nprc-swfl.com\\\/alzheimers-and-brain-awareness-month\\\/#breadcrumb\",\"itemListElement\":[{\"@type\":\"ListItem\",\"position\":1,\"name\":\"Home\",\"item\":\"https:\\\/\\\/nprc-swfl.com\\\/\"},{\"@type\":\"ListItem\",\"position\":2,\"name\":\"Alzheimer&#8217;s and Brain Awareness Month\"}]},{\"@type\":\"WebSite\",\"@id\":\"https:\\\/\\\/nprc-swfl.com\\\/#website\",\"url\":\"https:\\\/\\\/nprc-swfl.com\\\/\",\"name\":\"Neuropsychiatric Research Center of Southwest Florida\",\"description\":\"Alzheimer\u2019s Clinical research in Fort Myers, FL\",\"publisher\":{\"@id\":\"https:\\\/\\\/nprc-swfl.com\\\/#organization\"},\"potentialAction\":[{\"@type\":\"SearchAction\",\"target\":{\"@type\":\"EntryPoint\",\"urlTemplate\":\"https:\\\/\\\/nprc-swfl.com\\\/?s={search_term_string}\"},\"query-input\":{\"@type\":\"PropertyValueSpecification\",\"valueRequired\":true,\"valueName\":\"search_term_string\"}}],\"inLanguage\":\"es\"},{\"@type\":\"Organization\",\"@id\":\"https:\\\/\\\/nprc-swfl.com\\\/#organization\",\"name\":\"Neuropsychiatric Research Center of Southwest Florida\",\"url\":\"https:\\\/\\\/nprc-swfl.com\\\/\",\"logo\":{\"@type\":\"ImageObject\",\"inLanguage\":\"es\",\"@id\":\"https:\\\/\\\/nprc-swfl.com\\\/#\\\/schema\\\/logo\\\/image\\\/\",\"url\":\"https:\\\/\\\/nprc-swfl.com\\\/wp-content\\\/uploads\\\/2020\\\/11\\\/NPRC-LOGO.webp\",\"contentUrl\":\"https:\\\/\\\/nprc-swfl.com\\\/wp-content\\\/uploads\\\/2020\\\/11\\\/NPRC-LOGO.webp\",\"width\":709,\"height\":241,\"caption\":\"Neuropsychiatric Research Center of Southwest Florida\"},\"image\":{\"@id\":\"https:\\\/\\\/nprc-swfl.com\\\/#\\\/schema\\\/logo\\\/image\\\/\"}},{\"@type\":\"Person\",\"@id\":\"https:\\\/\\\/nprc-swfl.com\\\/#\\\/schema\\\/person\\\/8bce1b58752d60d24ab5df35fd3c3364\",\"name\":\"Ryan Speer\",\"image\":{\"@type\":\"ImageObject\",\"inLanguage\":\"es\",\"@id\":\"https:\\\/\\\/secure.gravatar.com\\\/avatar\\\/c1143e0c8d8aaf6e97b68245ed35f7cd8cc1fd7a2aeb28dccb6c27b981d5923a?s=96&d=mm&r=g\",\"url\":\"https:\\\/\\\/secure.gravatar.com\\\/avatar\\\/c1143e0c8d8aaf6e97b68245ed35f7cd8cc1fd7a2aeb28dccb6c27b981d5923a?s=96&d=mm&r=g\",\"contentUrl\":\"https:\\\/\\\/secure.gravatar.com\\\/avatar\\\/c1143e0c8d8aaf6e97b68245ed35f7cd8cc1fd7a2aeb28dccb6c27b981d5923a?s=96&d=mm&r=g\",\"caption\":\"Ryan Speer\"},\"sameAs\":[\"http:\\\/\\\/nprcpro.wpengine.com\"],\"url\":\"https:\\\/\\\/nprc-swfl.com\\\/es\\\/author\\\/cpmi\\\/\"}]}<\/script>\n<!-- \/ Yoast SEO plugin. -->","yoast_head_json":{"title":"Mes de concientizaci\u00f3n sobre el Alzheimer y el cerebro -","description":"Junio es el Mes de Concientizaci\u00f3n sobre el Alzheimer y el Cerebro. La Asociaci\u00f3n del Alzheimer afirma que si tienes cerebro, corres el riesgo de desarrollar Alzheimer.","robots":{"index":"index","follow":"follow","max-snippet":"max-snippet:-1","max-image-preview":"max-image-preview:large","max-video-preview":"max-video-preview:-1"},"canonical":"https:\/\/nprc-swfl.com\/es\/alzheimers-and-brain-awareness-month\/","og_locale":"es_MX","og_type":"article","og_title":"Alzheimer's and Brain Awareness Month -","og_description":"June is Alzheimer\u2019s and Brain Awareness Month. The Alzheimer\u2019s Association says that if you have a brain, you are at risk for developing AD.","og_url":"https:\/\/nprc-swfl.com\/es\/alzheimers-and-brain-awareness-month\/","og_site_name":"Neuropsychiatric Research Center of Southwest Florida","article_published_time":"2020-06-17T17:46:05+00:00","article_modified_time":"2026-04-21T21:40:39+00:00","og_image":[{"width":1200,"height":630,"url":"https:\/\/nprc-swfl.com\/wp-content\/uploads\/2020\/06\/NPRC_Facebook_Blog-AlzheimersandBrainAwarenessMonth_15JUN2020_PM-1.png","type":"image\/png"}],"author":"Ryan Speer","twitter_card":"summary_large_image","twitter_misc":{"Escrito por":"Ryan Speer","Tiempo de lectura":"2 minutos"},"schema":{"@context":"https:\/\/schema.org","@graph":[{"@type":"Article","@id":"https:\/\/nprc-swfl.com\/alzheimers-and-brain-awareness-month\/#article","isPartOf":{"@id":"https:\/\/nprc-swfl.com\/alzheimers-and-brain-awareness-month\/"},"author":{"name":"Ryan Speer","@id":"https:\/\/nprc-swfl.com\/#\/schema\/person\/8bce1b58752d60d24ab5df35fd3c3364"},"headline":"Alzheimer&#8217;s and Brain Awareness Month","datePublished":"2020-06-17T17:46:05+00:00","dateModified":"2026-04-21T21:40:39+00:00","mainEntityOfPage":{"@id":"https:\/\/nprc-swfl.com\/alzheimers-and-brain-awareness-month\/"},"wordCount":338,"publisher":{"@id":"https:\/\/nprc-swfl.com\/#organization"},"image":{"@id":"https:\/\/nprc-swfl.com\/alzheimers-and-brain-awareness-month\/#primaryimage"},"thumbnailUrl":"https:\/\/nprc-swfl.com\/wp-content\/uploads\/2020\/06\/NPRC_Facebook_Blog-AlzheimersandBrainAwarenessMonth_15JUN2020_PM-1.png","keywords":["alzhiemers","Blog","brainhealth","dementia","memoryloss"],"articleSection":["Alzheimer's and Brain Awareness Month","Clinical Research"],"inLanguage":"es"},{"@type":"WebPage","@id":"https:\/\/nprc-swfl.com\/alzheimers-and-brain-awareness-month\/","url":"https:\/\/nprc-swfl.com\/alzheimers-and-brain-awareness-month\/","name":"Mes de concientizaci\u00f3n sobre el Alzheimer y el cerebro -","isPartOf":{"@id":"https:\/\/nprc-swfl.com\/#website"},"primaryImageOfPage":{"@id":"https:\/\/nprc-swfl.com\/alzheimers-and-brain-awareness-month\/#primaryimage"},"image":{"@id":"https:\/\/nprc-swfl.com\/alzheimers-and-brain-awareness-month\/#primaryimage"},"thumbnailUrl":"https:\/\/nprc-swfl.com\/wp-content\/uploads\/2020\/06\/NPRC_Facebook_Blog-AlzheimersandBrainAwarenessMonth_15JUN2020_PM-1.png","datePublished":"2020-06-17T17:46:05+00:00","dateModified":"2026-04-21T21:40:39+00:00","description":"Junio es el Mes de Concientizaci\u00f3n sobre el Alzheimer y el Cerebro. La Asociaci\u00f3n del Alzheimer afirma que si tienes cerebro, corres el riesgo de desarrollar Alzheimer.","breadcrumb":{"@id":"https:\/\/nprc-swfl.com\/alzheimers-and-brain-awareness-month\/#breadcrumb"},"inLanguage":"es","potentialAction":[{"@type":"ReadAction","target":["https:\/\/nprc-swfl.com\/alzheimers-and-brain-awareness-month\/"]}]},{"@type":"ImageObject","inLanguage":"es","@id":"https:\/\/nprc-swfl.com\/alzheimers-and-brain-awareness-month\/#primaryimage","url":"https:\/\/nprc-swfl.com\/wp-content\/uploads\/2020\/06\/NPRC_Facebook_Blog-AlzheimersandBrainAwarenessMonth_15JUN2020_PM-1.png","contentUrl":"https:\/\/nprc-swfl.com\/wp-content\/uploads\/2020\/06\/NPRC_Facebook_Blog-AlzheimersandBrainAwarenessMonth_15JUN2020_PM-1.png","width":1200,"height":630,"caption":"Alzheimer's and Brain Awareness Month"},{"@type":"BreadcrumbList","@id":"https:\/\/nprc-swfl.com\/alzheimers-and-brain-awareness-month\/#breadcrumb","itemListElement":[{"@type":"ListItem","position":1,"name":"Home","item":"https:\/\/nprc-swfl.com\/"},{"@type":"ListItem","position":2,"name":"Alzheimer&#8217;s and Brain Awareness Month"}]},{"@type":"WebSite","@id":"https:\/\/nprc-swfl.com\/#website","url":"https:\/\/nprc-swfl.com\/","name":"Centro de Investigaci\u00f3n Neuropsiqui\u00e1trica del Suroeste de Florida","description":"Investigaci\u00f3n cl\u00ednica sobre el Alzheimer en Fort Myers, Florida","publisher":{"@id":"https:\/\/nprc-swfl.com\/#organization"},"potentialAction":[{"@type":"SearchAction","target":{"@type":"EntryPoint","urlTemplate":"https:\/\/nprc-swfl.com\/?s={search_term_string}"},"query-input":{"@type":"PropertyValueSpecification","valueRequired":true,"valueName":"search_term_string"}}],"inLanguage":"es"},{"@type":"Organization","@id":"https:\/\/nprc-swfl.com\/#organization","name":"Centro de Investigaci\u00f3n Neuropsiqui\u00e1trica del Suroeste de Florida","url":"https:\/\/nprc-swfl.com\/","logo":{"@type":"ImageObject","inLanguage":"es","@id":"https:\/\/nprc-swfl.com\/#\/schema\/logo\/image\/","url":"https:\/\/nprc-swfl.com\/wp-content\/uploads\/2020\/11\/NPRC-LOGO.webp","contentUrl":"https:\/\/nprc-swfl.com\/wp-content\/uploads\/2020\/11\/NPRC-LOGO.webp","width":709,"height":241,"caption":"Neuropsychiatric Research Center of Southwest Florida"},"image":{"@id":"https:\/\/nprc-swfl.com\/#\/schema\/logo\/image\/"}},{"@type":"Person","@id":"https:\/\/nprc-swfl.com\/#\/schema\/person\/8bce1b58752d60d24ab5df35fd3c3364","name":"Ryan Speer","image":{"@type":"ImageObject","inLanguage":"es","@id":"https:\/\/secure.gravatar.com\/avatar\/c1143e0c8d8aaf6e97b68245ed35f7cd8cc1fd7a2aeb28dccb6c27b981d5923a?s=96&d=mm&r=g","url":"https:\/\/secure.gravatar.com\/avatar\/c1143e0c8d8aaf6e97b68245ed35f7cd8cc1fd7a2aeb28dccb6c27b981d5923a?s=96&d=mm&r=g","contentUrl":"https:\/\/secure.gravatar.com\/avatar\/c1143e0c8d8aaf6e97b68245ed35f7cd8cc1fd7a2aeb28dccb6c27b981d5923a?s=96&d=mm&r=g","caption":"Ryan Speer"},"sameAs":["http:\/\/nprcpro.wpengine.com"],"url":"https:\/\/nprc-swfl.com\/es\/author\/cpmi\/"}]}},"_links":{"self":[{"href":"https:\/\/nprc-swfl.com\/es\/wp-json\/wp\/v2\/posts\/589","targetHints":{"allow":["GET"]}}],"collection":[{"href":"https:\/\/nprc-swfl.com\/es\/wp-json\/wp\/v2\/posts"}],"about":[{"href":"https:\/\/nprc-swfl.com\/es\/wp-json\/wp\/v2\/types\/post"}],"author":[{"embeddable":true,"href":"https:\/\/nprc-swfl.com\/es\/wp-json\/wp\/v2\/users\/1"}],"replies":[{"embeddable":true,"href":"https:\/\/nprc-swfl.com\/es\/wp-json\/wp\/v2\/comments?post=589"}],"version-history":[{"count":0,"href":"https:\/\/nprc-swfl.com\/es\/wp-json\/wp\/v2\/posts\/589\/revisions"}],"wp:featuredmedia":[{"embeddable":true,"href":"https:\/\/nprc-swfl.com\/es\/wp-json\/wp\/v2\/media\/716"}],"wp:attachment":[{"href":"https:\/\/nprc-swfl.com\/es\/wp-json\/wp\/v2\/media?parent=589"}],"wp:term":[{"taxonomy":"category","embeddable":true,"href":"https:\/\/nprc-swfl.com\/es\/wp-json\/wp\/v2\/categories?post=589"},{"taxonomy":"post_tag","embeddable":true,"href":"https:\/\/nprc-swfl.com\/es\/wp-json\/wp\/v2\/tags?post=589"}],"curies":[{"name":"gracias","href":"https:\/\/api.w.org\/{rel}","templated":true}]}}