{"id":578,"date":"2021-06-11T19:23:14","date_gmt":"2021-06-11T19:23:14","guid":{"rendered":"https:\/\/nprc-swfl.com\/staying-sharp-into-the-elder-years\/"},"modified":"2026-04-21T21:40:39","modified_gmt":"2026-04-21T21:40:39","slug":"staying-sharp-into-the-elder-years","status":"publish","type":"post","link":"https:\/\/nprc-swfl.com\/es\/staying-sharp-into-the-elder-years\/","title":{"rendered":"Mantenerse alerta en la tercera edad"},"content":{"rendered":"<p>Un componente clave para envejecer bien es mantener una memoria n\u00edtida. Una buena memoria que recuerde detalles v\u00edvidos, recuerde nombres r\u00e1pidamente, prepare sus comidas favoritas sin receta y le ayude a sentirse joven, incluso a medida que envejece. Una p\u00e9rdida leve de memoria es normal con el envejecimiento, pero puede ser dif\u00edcil determinar si debe ser una preocupaci\u00f3n seria. Una p\u00e9rdida significativa de memoria puede ser un indicio de Alzheimer de inicio temprano, otro tipo de demencia u otro problema de salud.<\/p>\n<h2 class=\"tmblr-full\" data-orig-height=\"462\" data-orig-width=\"880\"><img fetchpriority=\"high\" decoding=\"async\" class=\"aligncenter\" src=\"https:\/\/64.media.tumblr.com\/4a58718b41324571592d3b5876e833bc\/6c30c9fdbe419c0b-ff\/s540x810\/a48f100343c313fad35a0bc1b2f3525edc78a1f7.png\" alt=\"Frustrated by forgetfulness?\" width=\"407\" height=\"214\" data-orig-height=\"462\" data-orig-width=\"880\" \/><\/h2>\n<h2 class=\"tmblr-full\" data-orig-height=\"462\" data-orig-width=\"880\"><b>\u00bfLa p\u00e9rdida de memoria altera la vida diaria?<\/b><\/h2>\n<p>Olvidar un nombre o un n\u00famero de tel\u00e9fono, pero luego recordarlos, es normal. Sin embargo, si usted o su ser querido olvidan constantemente detalles aprendidos recientemente (lo que implica una p\u00e9rdida de memoria a corto plazo), esto puede ser un indicio de algo m\u00e1s grave. Comience a prestar atenci\u00f3n a qu\u00e9 tipo de detalles se olvidan con frecuencia y si estos detalles se recuerdan posteriormente.<\/p>\n<p>Tareas cotidianas como ir al supermercado o recalentar comida en el microondas deber\u00edan seguir siendo algo natural, incluso con la edad. Si usted o un ser querido se pierden al ir al supermercado o necesitan ayuda para usar el microondas, podr\u00eda ser una preocupaci\u00f3n que deba consultar con un m\u00e9dico. Incluso con la edad, la p\u00e9rdida de memoria no deber\u00eda afectar la vida diaria.<\/p>\n<figure class=\"tmblr-full\" data-orig-height=\"462\" data-orig-width=\"880\"><img decoding=\"async\" class=\"aligncenter\" src=\"https:\/\/64.media.tumblr.com\/14432d0d5490e2e6406ccd46ef1813cb\/6c30c9fdbe419c0b-d4\/s540x810\/73ff0ad749c0f6384dd1886f6d81b6fc7630def7.jpg\" alt=\"Memory loss may feel like getting lost in your head\" width=\"441\" height=\"232\" data-orig-height=\"462\" data-orig-width=\"880\" \/><\/figure>\n<p>&nbsp;<\/p>\n<h2><b>\u00bfLa p\u00e9rdida de memoria est\u00e1 cambiando tu temperamento? <\/b><\/h2>\n<p>A medida que envejece, su personalidad puede cambiar en algunos aspectos. Es de esperar que se vuelva m\u00e1s seguro y confiado. Sus gustos y disgustos tambi\u00e9n pueden cambiar con el tiempo. Volverse m\u00e1s desconfiado, confundido, experimentar mayor irritabilidad o ansiedad puede ser una indicaci\u00f3n de que algo m\u00e1s grave est\u00e1 sucediendo. Si usted o su ser querido antes eran extrovertidos y sociables, pero ahora prefieren quedarse en casa, alej\u00e1ndose de sus amigos y familiares, quiz\u00e1s valga la pena consultar con un m\u00e9dico.<\/p>\n<h2><b>\u00bfQu\u00e9 tengo que hacer? <\/b><\/h2>\n<p>Puede ser aterrador admitir que tu memoria ya no es la misma. Tambi\u00e9n puede ser abrumador admitir esto sobre tu ser querido. Desafortunadamente, ignorar las preocupaciones no las har\u00e1 desaparecer, y la intervenci\u00f3n temprana puede ayudar a identificar los problemas mientras a\u00fan est\u00e1s a tiempo de ayudar. Mant\u00e9n un registro de las tendencias relacionadas con la p\u00e9rdida de memoria para hablar con tu m\u00e9dico.<\/p>\n<p><a href=\"https:\/\/joinaresearchstudy.com\/our-research-facilities\/neuropsychiatric-research-center-of-southwest-florida\/studies\/#!\/study\/16\">Programar una evaluaci\u00f3n de memoria gratuita<\/a> Tambi\u00e9n puede ser \u00fatil. Una evaluaci\u00f3n de memoria es una prueba r\u00e1pida y sencilla que eval\u00faa la memoria y otras habilidades de pensamiento. Esta evaluaci\u00f3n puede ayudar a detectar problemas de salud y a envejecer mejor. El Centro de Investigaci\u00f3n Neuropsiqui\u00e1trica del Suroeste de Florida ofrece evaluaciones de memoria gratuitas. Para programar una cita, ll\u00e1menos al (239)939-7777 o complete un formulario en l\u00ednea.<\/p>\n<p>Referencia:<\/p>\n<p><a href=\"https:\/\/www.alz.org\/alzheimers-dementia\/10_signs\">https:\/\/www.alz.org\/alzheimers-dementia\/10_signs<\/a><\/p>","protected":false},"excerpt":{"rendered":"<p>Un componente clave para envejecer bien es mantener una memoria n\u00edtida. Una buena memoria que recuerde detalles v\u00edvidos, recuerde nombres r\u00e1pidamente, prepare sus comidas favoritas sin receta y le ayude a sentirse joven, incluso a medida que envejece. Una peque\u00f1a p\u00e9rdida de memoria es normal con el envejecimiento, pero puede ser\u2026 <\/p>\n<p class=\"read-more-container\"><a title=\"Mantenerse alerta en la tercera edad\" class=\"read-more button\" href=\"https:\/\/nprc-swfl.com\/es\/staying-sharp-into-the-elder-years\/#more-578\" aria-label=\"Leer m\u00e1s sobre Mantenerse alerta hasta la vejez\">Leer m\u00e1s<\/a><\/p>","protected":false},"author":1,"featured_media":674,"comment_status":"closed","ping_status":"open","sticky":false,"template":"","format":"standard","meta":{"footnotes":""},"categories":[9,91],"tags":[53,61,69,55],"class_list":["post-578","post","type-post","status-publish","format-standard","has-post-thumbnail","hentry","category-clinical-research","category-staying-mentally-sharp","tag-alzheimers","tag-blog","tag-clinical-trials","tag-memory-loss","generate-columns","tablet-grid-50","mobile-grid-100","grid-parent","grid-50"],"yoast_head":"<!-- This site is optimized with the Yoast SEO plugin v27.4 - https:\/\/yoast.com\/product\/yoast-seo-wordpress\/ -->\n<title>Staying Sharp into the Elder Years -<\/title>\n<meta name=\"description\" content=\"One key component of aging well is ensuring your memory stays sharp. Learn how to stay mentally sharp in your elder years.\" \/>\n<meta name=\"robots\" content=\"index, follow, max-snippet:-1, max-image-preview:large, max-video-preview:-1\" \/>\n<link rel=\"canonical\" href=\"https:\/\/nprc-swfl.com\/es\/staying-sharp-into-the-elder-years\/\" \/>\n<meta property=\"og:locale\" content=\"es_MX\" \/>\n<meta property=\"og:type\" content=\"article\" \/>\n<meta property=\"og:title\" content=\"Staying Sharp into the Elder Years -\" \/>\n<meta property=\"og:description\" content=\"One key component of aging well is ensuring your memory stays sharp. Learn how to stay mentally sharp in your elder years.\" \/>\n<meta property=\"og:url\" content=\"https:\/\/nprc-swfl.com\/es\/staying-sharp-into-the-elder-years\/\" \/>\n<meta property=\"og:site_name\" content=\"Neuropsychiatric Research Center of Southwest Florida\" \/>\n<meta property=\"article:published_time\" content=\"2021-06-11T19:23:14+00:00\" \/>\n<meta property=\"article:modified_time\" content=\"2026-04-21T21:40:39+00:00\" \/>\n<meta property=\"og:image\" content=\"https:\/\/nprc-swfl.com\/wp-content\/uploads\/2021\/06\/NPRC_Facebook_Facebook_BlogElderYears_28MAY2021_AR-1.jpg\" \/>\n\t<meta property=\"og:image:width\" content=\"1200\" \/>\n\t<meta property=\"og:image:height\" content=\"630\" \/>\n\t<meta property=\"og:image:type\" content=\"image\/jpeg\" \/>\n<meta name=\"author\" content=\"Ryan Speer\" \/>\n<meta name=\"twitter:card\" content=\"summary_large_image\" \/>\n<meta name=\"twitter:label1\" content=\"Escrito por\" \/>\n\t<meta name=\"twitter:data1\" content=\"Ryan Speer\" \/>\n\t<meta name=\"twitter:label2\" content=\"Tiempo de lectura\" \/>\n\t<meta name=\"twitter:data2\" content=\"3 minutos\" \/>\n<script type=\"application\/ld+json\" class=\"yoast-schema-graph\">{\"@context\":\"https:\\\/\\\/schema.org\",\"@graph\":[{\"@type\":\"Article\",\"@id\":\"https:\\\/\\\/nprc-swfl.com\\\/staying-sharp-into-the-elder-years\\\/#article\",\"isPartOf\":{\"@id\":\"https:\\\/\\\/nprc-swfl.com\\\/staying-sharp-into-the-elder-years\\\/\"},\"author\":{\"name\":\"Ryan Speer\",\"@id\":\"https:\\\/\\\/nprc-swfl.com\\\/#\\\/schema\\\/person\\\/8bce1b58752d60d24ab5df35fd3c3364\"},\"headline\":\"Staying Sharp into the Elder Years\",\"datePublished\":\"2021-06-11T19:23:14+00:00\",\"dateModified\":\"2026-04-21T21:40:39+00:00\",\"mainEntityOfPage\":{\"@id\":\"https:\\\/\\\/nprc-swfl.com\\\/staying-sharp-into-the-elder-years\\\/\"},\"wordCount\":447,\"publisher\":{\"@id\":\"https:\\\/\\\/nprc-swfl.com\\\/#organization\"},\"image\":{\"@id\":\"https:\\\/\\\/nprc-swfl.com\\\/staying-sharp-into-the-elder-years\\\/#primaryimage\"},\"thumbnailUrl\":\"https:\\\/\\\/nprc-swfl.com\\\/wp-content\\\/uploads\\\/2021\\\/06\\\/NPRC_Facebook_Facebook_BlogElderYears_28MAY2021_AR-1.jpg\",\"keywords\":[\"alzheimer's\",\"Blog\",\"clinical trials\",\"memory loss\"],\"articleSection\":[\"Clinical Research\",\"Staying Mentally Sharp\"],\"inLanguage\":\"es\"},{\"@type\":\"WebPage\",\"@id\":\"https:\\\/\\\/nprc-swfl.com\\\/staying-sharp-into-the-elder-years\\\/\",\"url\":\"https:\\\/\\\/nprc-swfl.com\\\/staying-sharp-into-the-elder-years\\\/\",\"name\":\"Staying Sharp into the Elder Years -\",\"isPartOf\":{\"@id\":\"https:\\\/\\\/nprc-swfl.com\\\/#website\"},\"primaryImageOfPage\":{\"@id\":\"https:\\\/\\\/nprc-swfl.com\\\/staying-sharp-into-the-elder-years\\\/#primaryimage\"},\"image\":{\"@id\":\"https:\\\/\\\/nprc-swfl.com\\\/staying-sharp-into-the-elder-years\\\/#primaryimage\"},\"thumbnailUrl\":\"https:\\\/\\\/nprc-swfl.com\\\/wp-content\\\/uploads\\\/2021\\\/06\\\/NPRC_Facebook_Facebook_BlogElderYears_28MAY2021_AR-1.jpg\",\"datePublished\":\"2021-06-11T19:23:14+00:00\",\"dateModified\":\"2026-04-21T21:40:39+00:00\",\"description\":\"One key component of aging well is ensuring your memory stays sharp. Learn how to stay mentally sharp in your elder years.\",\"breadcrumb\":{\"@id\":\"https:\\\/\\\/nprc-swfl.com\\\/staying-sharp-into-the-elder-years\\\/#breadcrumb\"},\"inLanguage\":\"es\",\"potentialAction\":[{\"@type\":\"ReadAction\",\"target\":[\"https:\\\/\\\/nprc-swfl.com\\\/staying-sharp-into-the-elder-years\\\/\"]}]},{\"@type\":\"ImageObject\",\"inLanguage\":\"es\",\"@id\":\"https:\\\/\\\/nprc-swfl.com\\\/staying-sharp-into-the-elder-years\\\/#primaryimage\",\"url\":\"https:\\\/\\\/nprc-swfl.com\\\/wp-content\\\/uploads\\\/2021\\\/06\\\/NPRC_Facebook_Facebook_BlogElderYears_28MAY2021_AR-1.jpg\",\"contentUrl\":\"https:\\\/\\\/nprc-swfl.com\\\/wp-content\\\/uploads\\\/2021\\\/06\\\/NPRC_Facebook_Facebook_BlogElderYears_28MAY2021_AR-1.jpg\",\"width\":1200,\"height\":630,\"caption\":\"Stay sharp into the elder years\"},{\"@type\":\"BreadcrumbList\",\"@id\":\"https:\\\/\\\/nprc-swfl.com\\\/staying-sharp-into-the-elder-years\\\/#breadcrumb\",\"itemListElement\":[{\"@type\":\"ListItem\",\"position\":1,\"name\":\"Home\",\"item\":\"https:\\\/\\\/nprc-swfl.com\\\/\"},{\"@type\":\"ListItem\",\"position\":2,\"name\":\"Staying Sharp into the Elder Years\"}]},{\"@type\":\"WebSite\",\"@id\":\"https:\\\/\\\/nprc-swfl.com\\\/#website\",\"url\":\"https:\\\/\\\/nprc-swfl.com\\\/\",\"name\":\"Neuropsychiatric Research Center of Southwest Florida\",\"description\":\"Alzheimer\u2019s Clinical research in Fort Myers, FL\",\"publisher\":{\"@id\":\"https:\\\/\\\/nprc-swfl.com\\\/#organization\"},\"potentialAction\":[{\"@type\":\"SearchAction\",\"target\":{\"@type\":\"EntryPoint\",\"urlTemplate\":\"https:\\\/\\\/nprc-swfl.com\\\/?s={search_term_string}\"},\"query-input\":{\"@type\":\"PropertyValueSpecification\",\"valueRequired\":true,\"valueName\":\"search_term_string\"}}],\"inLanguage\":\"es\"},{\"@type\":\"Organization\",\"@id\":\"https:\\\/\\\/nprc-swfl.com\\\/#organization\",\"name\":\"Neuropsychiatric Research Center of Southwest Florida\",\"url\":\"https:\\\/\\\/nprc-swfl.com\\\/\",\"logo\":{\"@type\":\"ImageObject\",\"inLanguage\":\"es\",\"@id\":\"https:\\\/\\\/nprc-swfl.com\\\/#\\\/schema\\\/logo\\\/image\\\/\",\"url\":\"https:\\\/\\\/nprc-swfl.com\\\/wp-content\\\/uploads\\\/2020\\\/11\\\/NPRC-LOGO.webp\",\"contentUrl\":\"https:\\\/\\\/nprc-swfl.com\\\/wp-content\\\/uploads\\\/2020\\\/11\\\/NPRC-LOGO.webp\",\"width\":709,\"height\":241,\"caption\":\"Neuropsychiatric Research Center of Southwest Florida\"},\"image\":{\"@id\":\"https:\\\/\\\/nprc-swfl.com\\\/#\\\/schema\\\/logo\\\/image\\\/\"}},{\"@type\":\"Person\",\"@id\":\"https:\\\/\\\/nprc-swfl.com\\\/#\\\/schema\\\/person\\\/8bce1b58752d60d24ab5df35fd3c3364\",\"name\":\"Ryan Speer\",\"image\":{\"@type\":\"ImageObject\",\"inLanguage\":\"es\",\"@id\":\"https:\\\/\\\/secure.gravatar.com\\\/avatar\\\/c1143e0c8d8aaf6e97b68245ed35f7cd8cc1fd7a2aeb28dccb6c27b981d5923a?s=96&d=mm&r=g\",\"url\":\"https:\\\/\\\/secure.gravatar.com\\\/avatar\\\/c1143e0c8d8aaf6e97b68245ed35f7cd8cc1fd7a2aeb28dccb6c27b981d5923a?s=96&d=mm&r=g\",\"contentUrl\":\"https:\\\/\\\/secure.gravatar.com\\\/avatar\\\/c1143e0c8d8aaf6e97b68245ed35f7cd8cc1fd7a2aeb28dccb6c27b981d5923a?s=96&d=mm&r=g\",\"caption\":\"Ryan Speer\"},\"sameAs\":[\"http:\\\/\\\/nprcpro.wpengine.com\"],\"url\":\"https:\\\/\\\/nprc-swfl.com\\\/es\\\/author\\\/cpmi\\\/\"}]}<\/script>\n<!-- \/ Yoast SEO plugin. -->","yoast_head_json":{"title":"Mantenerse alerta en la tercera edad -","description":"Un componente clave para envejecer bien es mantener una memoria n\u00edtida. Aprenda a mantener la agudeza mental en la tercera edad.","robots":{"index":"index","follow":"follow","max-snippet":"max-snippet:-1","max-image-preview":"max-image-preview:large","max-video-preview":"max-video-preview:-1"},"canonical":"https:\/\/nprc-swfl.com\/es\/staying-sharp-into-the-elder-years\/","og_locale":"es_MX","og_type":"article","og_title":"Staying Sharp into the Elder Years -","og_description":"One key component of aging well is ensuring your memory stays sharp. Learn how to stay mentally sharp in your elder years.","og_url":"https:\/\/nprc-swfl.com\/es\/staying-sharp-into-the-elder-years\/","og_site_name":"Neuropsychiatric Research Center of Southwest Florida","article_published_time":"2021-06-11T19:23:14+00:00","article_modified_time":"2026-04-21T21:40:39+00:00","og_image":[{"width":1200,"height":630,"url":"https:\/\/nprc-swfl.com\/wp-content\/uploads\/2021\/06\/NPRC_Facebook_Facebook_BlogElderYears_28MAY2021_AR-1.jpg","type":"image\/jpeg"}],"author":"Ryan Speer","twitter_card":"summary_large_image","twitter_misc":{"Escrito por":"Ryan Speer","Tiempo de lectura":"3 minutos"},"schema":{"@context":"https:\/\/schema.org","@graph":[{"@type":"Article","@id":"https:\/\/nprc-swfl.com\/staying-sharp-into-the-elder-years\/#article","isPartOf":{"@id":"https:\/\/nprc-swfl.com\/staying-sharp-into-the-elder-years\/"},"author":{"name":"Ryan Speer","@id":"https:\/\/nprc-swfl.com\/#\/schema\/person\/8bce1b58752d60d24ab5df35fd3c3364"},"headline":"Staying Sharp into the Elder Years","datePublished":"2021-06-11T19:23:14+00:00","dateModified":"2026-04-21T21:40:39+00:00","mainEntityOfPage":{"@id":"https:\/\/nprc-swfl.com\/staying-sharp-into-the-elder-years\/"},"wordCount":447,"publisher":{"@id":"https:\/\/nprc-swfl.com\/#organization"},"image":{"@id":"https:\/\/nprc-swfl.com\/staying-sharp-into-the-elder-years\/#primaryimage"},"thumbnailUrl":"https:\/\/nprc-swfl.com\/wp-content\/uploads\/2021\/06\/NPRC_Facebook_Facebook_BlogElderYears_28MAY2021_AR-1.jpg","keywords":["alzheimer's","Blog","clinical trials","memory loss"],"articleSection":["Clinical Research","Staying Mentally Sharp"],"inLanguage":"es"},{"@type":"WebPage","@id":"https:\/\/nprc-swfl.com\/staying-sharp-into-the-elder-years\/","url":"https:\/\/nprc-swfl.com\/staying-sharp-into-the-elder-years\/","name":"Mantenerse alerta en la tercera edad -","isPartOf":{"@id":"https:\/\/nprc-swfl.com\/#website"},"primaryImageOfPage":{"@id":"https:\/\/nprc-swfl.com\/staying-sharp-into-the-elder-years\/#primaryimage"},"image":{"@id":"https:\/\/nprc-swfl.com\/staying-sharp-into-the-elder-years\/#primaryimage"},"thumbnailUrl":"https:\/\/nprc-swfl.com\/wp-content\/uploads\/2021\/06\/NPRC_Facebook_Facebook_BlogElderYears_28MAY2021_AR-1.jpg","datePublished":"2021-06-11T19:23:14+00:00","dateModified":"2026-04-21T21:40:39+00:00","description":"Un componente clave para envejecer bien es mantener una memoria n\u00edtida. Aprenda a mantener la agudeza mental en la tercera edad.","breadcrumb":{"@id":"https:\/\/nprc-swfl.com\/staying-sharp-into-the-elder-years\/#breadcrumb"},"inLanguage":"es","potentialAction":[{"@type":"ReadAction","target":["https:\/\/nprc-swfl.com\/staying-sharp-into-the-elder-years\/"]}]},{"@type":"ImageObject","inLanguage":"es","@id":"https:\/\/nprc-swfl.com\/staying-sharp-into-the-elder-years\/#primaryimage","url":"https:\/\/nprc-swfl.com\/wp-content\/uploads\/2021\/06\/NPRC_Facebook_Facebook_BlogElderYears_28MAY2021_AR-1.jpg","contentUrl":"https:\/\/nprc-swfl.com\/wp-content\/uploads\/2021\/06\/NPRC_Facebook_Facebook_BlogElderYears_28MAY2021_AR-1.jpg","width":1200,"height":630,"caption":"Stay sharp into the elder years"},{"@type":"BreadcrumbList","@id":"https:\/\/nprc-swfl.com\/staying-sharp-into-the-elder-years\/#breadcrumb","itemListElement":[{"@type":"ListItem","position":1,"name":"Home","item":"https:\/\/nprc-swfl.com\/"},{"@type":"ListItem","position":2,"name":"Staying Sharp into the Elder Years"}]},{"@type":"WebSite","@id":"https:\/\/nprc-swfl.com\/#website","url":"https:\/\/nprc-swfl.com\/","name":"Centro de Investigaci\u00f3n Neuropsiqui\u00e1trica del Suroeste de Florida","description":"Investigaci\u00f3n cl\u00ednica sobre el Alzheimer en Fort Myers, Florida","publisher":{"@id":"https:\/\/nprc-swfl.com\/#organization"},"potentialAction":[{"@type":"SearchAction","target":{"@type":"EntryPoint","urlTemplate":"https:\/\/nprc-swfl.com\/?s={search_term_string}"},"query-input":{"@type":"PropertyValueSpecification","valueRequired":true,"valueName":"search_term_string"}}],"inLanguage":"es"},{"@type":"Organization","@id":"https:\/\/nprc-swfl.com\/#organization","name":"Centro de Investigaci\u00f3n Neuropsiqui\u00e1trica del Suroeste de Florida","url":"https:\/\/nprc-swfl.com\/","logo":{"@type":"ImageObject","inLanguage":"es","@id":"https:\/\/nprc-swfl.com\/#\/schema\/logo\/image\/","url":"https:\/\/nprc-swfl.com\/wp-content\/uploads\/2020\/11\/NPRC-LOGO.webp","contentUrl":"https:\/\/nprc-swfl.com\/wp-content\/uploads\/2020\/11\/NPRC-LOGO.webp","width":709,"height":241,"caption":"Neuropsychiatric Research Center of Southwest Florida"},"image":{"@id":"https:\/\/nprc-swfl.com\/#\/schema\/logo\/image\/"}},{"@type":"Person","@id":"https:\/\/nprc-swfl.com\/#\/schema\/person\/8bce1b58752d60d24ab5df35fd3c3364","name":"Ryan Speer","image":{"@type":"ImageObject","inLanguage":"es","@id":"https:\/\/secure.gravatar.com\/avatar\/c1143e0c8d8aaf6e97b68245ed35f7cd8cc1fd7a2aeb28dccb6c27b981d5923a?s=96&d=mm&r=g","url":"https:\/\/secure.gravatar.com\/avatar\/c1143e0c8d8aaf6e97b68245ed35f7cd8cc1fd7a2aeb28dccb6c27b981d5923a?s=96&d=mm&r=g","contentUrl":"https:\/\/secure.gravatar.com\/avatar\/c1143e0c8d8aaf6e97b68245ed35f7cd8cc1fd7a2aeb28dccb6c27b981d5923a?s=96&d=mm&r=g","caption":"Ryan Speer"},"sameAs":["http:\/\/nprcpro.wpengine.com"],"url":"https:\/\/nprc-swfl.com\/es\/author\/cpmi\/"}]}},"_links":{"self":[{"href":"https:\/\/nprc-swfl.com\/es\/wp-json\/wp\/v2\/posts\/578","targetHints":{"allow":["GET"]}}],"collection":[{"href":"https:\/\/nprc-swfl.com\/es\/wp-json\/wp\/v2\/posts"}],"about":[{"href":"https:\/\/nprc-swfl.com\/es\/wp-json\/wp\/v2\/types\/post"}],"author":[{"embeddable":true,"href":"https:\/\/nprc-swfl.com\/es\/wp-json\/wp\/v2\/users\/1"}],"replies":[{"embeddable":true,"href":"https:\/\/nprc-swfl.com\/es\/wp-json\/wp\/v2\/comments?post=578"}],"version-history":[{"count":0,"href":"https:\/\/nprc-swfl.com\/es\/wp-json\/wp\/v2\/posts\/578\/revisions"}],"wp:featuredmedia":[{"embeddable":true,"href":"https:\/\/nprc-swfl.com\/es\/wp-json\/wp\/v2\/media\/674"}],"wp:attachment":[{"href":"https:\/\/nprc-swfl.com\/es\/wp-json\/wp\/v2\/media?parent=578"}],"wp:term":[{"taxonomy":"category","embeddable":true,"href":"https:\/\/nprc-swfl.com\/es\/wp-json\/wp\/v2\/categories?post=578"},{"taxonomy":"post_tag","embeddable":true,"href":"https:\/\/nprc-swfl.com\/es\/wp-json\/wp\/v2\/tags?post=578"}],"curies":[{"name":"gracias","href":"https:\/\/api.w.org\/{rel}","templated":true}]}}